{"id":4706,"date":"2025-02-04T16:21:11","date_gmt":"2025-02-04T16:21:11","guid":{"rendered":"https:\/\/monicamazzitelli.net\/se\/?p=4706"},"modified":"2025-02-04T16:21:11","modified_gmt":"2025-02-04T16:21:11","slug":"regissor-feedback-koordinator-for-filmcentrum-vast","status":"publish","type":"post","link":"https:\/\/monicamazzitelli.net\/se\/regissor-feedback-koordinator-for-filmcentrum-vast\/","title":{"rendered":"Regiss\u00f6r feedback koordinator f\u00f6r Filmcentrum V\u00e4st"},"content":{"rendered":"<p><a href=\"https:\/\/monicamazzitelli.net\/se\/wp-content\/uploads\/2025\/02\/feedback-25.jpg\"><img loading=\"lazy\" decoding=\"async\" class=\"aligncenter size-full wp-image-4707\" src=\"https:\/\/monicamazzitelli.net\/se\/wp-content\/uploads\/2025\/02\/feedback-25.jpg\" alt=\"\" width=\"941\" height=\"723\" srcset=\"https:\/\/monicamazzitelli.net\/se\/wp-content\/uploads\/2025\/02\/feedback-25.jpg 941w, https:\/\/monicamazzitelli.net\/se\/wp-content\/uploads\/2025\/02\/feedback-25-300x230.jpg 300w, https:\/\/monicamazzitelli.net\/se\/wp-content\/uploads\/2025\/02\/feedback-25-768x590.jpg 768w, https:\/\/monicamazzitelli.net\/se\/wp-content\/uploads\/2025\/02\/feedback-25-390x300.jpg 390w\" sizes=\"auto, (max-width: 941px) 100vw, 941px\" \/><\/a>S\u00e5 kul att jag ska koordinera en fantastisk grupp av fyra regiss\u00f6rer \/ filmskapare genom en online feedbackprocess!<br \/>\nVi kommer att ses 1 ggr per vecka, ca 1,5 timme p\u00e5 kv\u00e4llstid p\u00e5 m\u00e5ndagar online.<br \/>\nKursperiod: v.10, den 3 mars och h\u00e5ller p\u00e5 i 8 veckor.<br \/>\nDet \u00e4r\u00a0<a class=\"x1i10hfl xjbqb8w x1ejq31n xd10rxx x1sy0etr x17r0tee x972fbf xcfux6l x1qhh985 xm0m39n x9f619 x1ypdohk xt0psk2 xe8uvvx xdj266r x11i5rnm xat24cr x1mh8g0r xexx8yu x4uap5 x18d9i69 xkhd6sd x16tdsg8 x1hl2dhg xggy1nq x1a2a7pz notranslate _a6hd\" tabindex=\"0\" role=\"link\" href=\"https:\/\/www.instagram.com\/filmcentrumvast\/\">filmcentrumvast<\/a>\u00a0som organiserar det hela och<a href=\"https:\/\/www.filmcentrumvast.se\/regiochkonstn%C3%A4rligaval\" target=\"_blank\" rel=\"noopener\"> du \u00e4r v\u00e4lkommen att s\u00f6ka<\/a> om du vill bli en utav de fyra!<\/p>\n","protected":false},"excerpt":{"rendered":"<p>S\u00e5 kul att jag ska koordinera en fantastisk grupp av fyra regiss\u00f6rer \/ filmskapare genom en online feedbackprocess! Vi kommer att ses 1 ggr per vecka, ca 1,5 timme p\u00e5 kv\u00e4llstid p\u00e5 m\u00e5ndagar online. Kursperiod: v.10, den 3 mars och &hellip; <a href=\"https:\/\/monicamazzitelli.net\/se\/regissor-feedback-koordinator-for-filmcentrum-vast\/\">Continue reading <span class=\"meta-nav\">&rarr;<\/span><\/a><\/p>\n","protected":false},"author":1,"featured_media":0,"comment_status":"closed","ping_status":"open","sticky":false,"template":"","format":"standard","meta":{"footnotes":""},"categories":[15,22],"tags":[383,78,67,309],"class_list":["post-4706","post","type-post","status-publish","format-standard","hentry","category-event-presentationer","category-regi-och-manus","tag-filmcentrumvast","tag-kvinnligregissor","tag-monicamazzitelli","tag-regissor"],"_links":{"self":[{"href":"https:\/\/monicamazzitelli.net\/se\/wp-json\/wp\/v2\/posts\/4706","targetHints":{"allow":["GET"]}}],"collection":[{"href":"https:\/\/monicamazzitelli.net\/se\/wp-json\/wp\/v2\/posts"}],"about":[{"href":"https:\/\/monicamazzitelli.net\/se\/wp-json\/wp\/v2\/types\/post"}],"author":[{"embeddable":true,"href":"https:\/\/monicamazzitelli.net\/se\/wp-json\/wp\/v2\/users\/1"}],"replies":[{"embeddable":true,"href":"https:\/\/monicamazzitelli.net\/se\/wp-json\/wp\/v2\/comments?post=4706"}],"version-history":[{"count":1,"href":"https:\/\/monicamazzitelli.net\/se\/wp-json\/wp\/v2\/posts\/4706\/revisions"}],"predecessor-version":[{"id":4708,"href":"https:\/\/monicamazzitelli.net\/se\/wp-json\/wp\/v2\/posts\/4706\/revisions\/4708"}],"wp:attachment":[{"href":"https:\/\/monicamazzitelli.net\/se\/wp-json\/wp\/v2\/media?parent=4706"}],"wp:term":[{"taxonomy":"category","embeddable":true,"href":"https:\/\/monicamazzitelli.net\/se\/wp-json\/wp\/v2\/categories?post=4706"},{"taxonomy":"post_tag","embeddable":true,"href":"https:\/\/monicamazzitelli.net\/se\/wp-json\/wp\/v2\/tags?post=4706"}],"curies":[{"name":"wp","href":"https:\/\/api.w.org\/{rel}","templated":true}]}}