{"id":4668,"date":"2024-09-24T15:44:35","date_gmt":"2024-09-24T15:44:35","guid":{"rendered":"https:\/\/monicamazzitelli.net\/se\/?p=4668"},"modified":"2024-09-24T15:44:35","modified_gmt":"2024-09-24T15:44:35","slug":"pa-goteborgs-bokmassa","status":"publish","type":"post","link":"https:\/\/monicamazzitelli.net\/se\/pa-goteborgs-bokmassa\/","title":{"rendered":"P\u00e5 G\u00f6teborgs Bokm\u00e4ssa!"},"content":{"rendered":"<div dir=\"auto\">Ja<a href=\"https:\/\/monicamazzitelli.net\/se\/wp-content\/uploads\/2024\/09\/bokmassan-2024.jpg\"><img loading=\"lazy\" decoding=\"async\" class=\"wp-image-4669 alignleft\" src=\"https:\/\/monicamazzitelli.net\/se\/wp-content\/uploads\/2024\/09\/bokmassan-2024.jpg\" alt=\"\" width=\"406\" height=\"548\" \/><\/a>g \u00e4r s\u00e5 glad att jag kommer att prata om Flerspr\u00e5kigt skrivande med <span class=\"html-span xdj266r x11i5rnm xat24cr x1mh8g0r xexx8yu x4uap5 x18d9i69 xkhd6sd x1hl2dhg x16tdsg8 x1vvkbs\"><a class=\"x1i10hfl xjbqb8w x1ejq31n xd10rxx x1sy0etr x17r0tee x972fbf xcfux6l x1qhh985 xm0m39n x9f619 x1ypdohk xt0psk2 xe8uvvx xdj266r x11i5rnm xat24cr x1mh8g0r xexx8yu x4uap5 x18d9i69 xkhd6sd x16tdsg8 x1hl2dhg xggy1nq x1a2a7pz x1sur9pj xkrqix3 x1fey0fg x1s688f\" tabindex=\"0\" role=\"link\" href=\"https:\/\/www.facebook.com\/www.lyktan.org?__cft__[0]=AZUJOfQfyQAsAsZB9hd60GwLqoQxB4UImRiOEqicnqvZTunhuyqibKSfSC0zTvWPNqPUahzEjGCjsspVSYxbvTITJ6zRF7AWBfW2xVuNRrAt7bWcOb3wHnwG6qmEWsNWQ3Nx3P-zDTOD3Szir665RX71jt5eYwRCdt96W2rxhvs1fHbSRglAcvo0oF0QvtB78CpnT7SfA7ftbofQSy2GVHY3&amp;__tn__=-]K-R\"><span class=\"xt0psk2\">Lyktan<\/span><\/a><\/span>s redakt\u00f6r och ansvarig utgivare, the one and only Lars Lov\u00e9n, nu p\u00e5 torsdag kl. 10:30 till 10:50 p\u00e5 montern B07:40!<\/div>\n<div dir=\"auto\"><\/div>\n<div dir=\"auto\">Jag hoppas att vi ses! <span class=\"html-span xexx8yu x4uap5 x18d9i69 xkhd6sd x1hl2dhg x16tdsg8 x1vvkbs x3nfvp2 x1j61x8r x1fcty0u xdj266r xat24cr xgzva0m xhhsvwb xxymvpz xlup9mm x1kky2od\"><img loading=\"lazy\" decoding=\"async\" class=\"xz74otr\" src=\"https:\/\/static.xx.fbcdn.net\/images\/emoji.php\/v9\/t6c\/1\/16\/2764.png\" alt=\"\u2764\" width=\"16\" height=\"16\" \/><\/span><\/div>\n<p>&nbsp;<\/p>\n","protected":false},"excerpt":{"rendered":"<p>Jag \u00e4r s\u00e5 glad att jag kommer att prata om Flerspr\u00e5kigt skrivande med Lyktans redakt\u00f6r och ansvarig utgivare, the one and only Lars Lov\u00e9n, nu p\u00e5 torsdag kl. 10:30 till 10:50 p\u00e5 montern B07:40! Jag hoppas att vi ses! &nbsp;<\/p>\n","protected":false},"author":1,"featured_media":0,"comment_status":"closed","ping_status":"open","sticky":false,"template":"","format":"standard","meta":{"footnotes":""},"categories":[15,36,21],"tags":[330,294,329,365,318,334,67],"class_list":["post-4668","post","type-post","status-publish","format-standard","hentry","category-event-presentationer","category-oversattningar","category-performing","tag-artiklar","tag-forfattare","tag-journalistik","tag-larsloven","tag-lyktan","tag-lyktantidskrift","tag-monicamazzitelli"],"_links":{"self":[{"href":"https:\/\/monicamazzitelli.net\/se\/wp-json\/wp\/v2\/posts\/4668","targetHints":{"allow":["GET"]}}],"collection":[{"href":"https:\/\/monicamazzitelli.net\/se\/wp-json\/wp\/v2\/posts"}],"about":[{"href":"https:\/\/monicamazzitelli.net\/se\/wp-json\/wp\/v2\/types\/post"}],"author":[{"embeddable":true,"href":"https:\/\/monicamazzitelli.net\/se\/wp-json\/wp\/v2\/users\/1"}],"replies":[{"embeddable":true,"href":"https:\/\/monicamazzitelli.net\/se\/wp-json\/wp\/v2\/comments?post=4668"}],"version-history":[{"count":1,"href":"https:\/\/monicamazzitelli.net\/se\/wp-json\/wp\/v2\/posts\/4668\/revisions"}],"predecessor-version":[{"id":4670,"href":"https:\/\/monicamazzitelli.net\/se\/wp-json\/wp\/v2\/posts\/4668\/revisions\/4670"}],"wp:attachment":[{"href":"https:\/\/monicamazzitelli.net\/se\/wp-json\/wp\/v2\/media?parent=4668"}],"wp:term":[{"taxonomy":"category","embeddable":true,"href":"https:\/\/monicamazzitelli.net\/se\/wp-json\/wp\/v2\/categories?post=4668"},{"taxonomy":"post_tag","embeddable":true,"href":"https:\/\/monicamazzitelli.net\/se\/wp-json\/wp\/v2\/tags?post=4668"}],"curies":[{"name":"wp","href":"https:\/\/api.w.org\/{rel}","templated":true}]}}