{"id":4542,"date":"2022-11-24T18:53:05","date_gmt":"2022-11-24T18:53:05","guid":{"rendered":"http:\/\/monicamazzitelli.net\/se\/?p=4542"},"modified":"2022-11-24T18:53:05","modified_gmt":"2022-11-24T18:53:05","slug":"varldspremiar-i-milano-for-gang-dance","status":"publish","type":"post","link":"https:\/\/monicamazzitelli.net\/se\/varldspremiar-i-milano-for-gang-dance\/","title":{"rendered":"V\u00e4rldspremi\u00e4r i Milano f\u00f6r \u201cGang Dance\u201d!"},"content":{"rendered":"<p><a href=\"https:\/\/monicamazzitelli.net\/se\/wp-content\/uploads\/2022\/11\/banner.jpg\"><img loading=\"lazy\" decoding=\"async\" class=\"aligncenter size-full wp-image-4543\" src=\"https:\/\/monicamazzitelli.net\/se\/wp-content\/uploads\/2022\/11\/banner.jpg\" alt=\"\" width=\"1577\" height=\"600\" srcset=\"https:\/\/monicamazzitelli.net\/se\/wp-content\/uploads\/2022\/11\/banner.jpg 1577w, https:\/\/monicamazzitelli.net\/se\/wp-content\/uploads\/2022\/11\/banner-300x114.jpg 300w, https:\/\/monicamazzitelli.net\/se\/wp-content\/uploads\/2022\/11\/banner-1024x390.jpg 1024w, https:\/\/monicamazzitelli.net\/se\/wp-content\/uploads\/2022\/11\/banner-768x292.jpg 768w, https:\/\/monicamazzitelli.net\/se\/wp-content\/uploads\/2022\/11\/banner-1536x584.jpg 1536w, https:\/\/monicamazzitelli.net\/se\/wp-content\/uploads\/2022\/11\/banner-500x190.jpg 500w\" sizes=\"auto, (max-width: 1577px) 100vw, 1577px\" \/><\/a>En nyhet som g\u00f6r mig galen av lycka! Min VR360-kortfilm &#8220;Gang Dance&#8221; har v\u00e4rldspremi\u00e4r i Milano i morgon fredag den 25 november i Universitets h\u00f6gsal Aula Crociera Alta, Via Festa del Perdono, 7, och visas fr\u00e5n kl. 15.00. Den kommer att delta i den stora <a href=\"https:\/\/www.filmmakerfest.com\/\">Filmmaker Festival<\/a> (som startades redan 1980!), som p\u00e5g\u00e5r 18-28 november.<\/p>\n<p>Jag \u00e4r verkligen glad \u00f6ver att det \u00e4ntligen \u00e4r m\u00f6jligt att se detta verk som jag gjort med passion, hj\u00e4rta och stor m\u00f6da tillsammans med Mikael Moiner, som p\u00e5 ett magnifikt s\u00e4tt tog hand om alla tekniska och visuella delar av kortfilmen!<!--more-->Jag vill ocks\u00e5 tacka Lovisa Charlier, Rebecca Evanne, Jesse Todd Bechard, Gustaf Jo\u0308nsson, Toby Kassell, Oliver Mahar, Luisa Fanciullacci, Carl Erskine, Berith Stennabb, Cassandra Hedberg, Flemming Borgen-Nielsen, Sara Tirelli, Therese Larsson, Per Larsson, Adriana Rosati, Adriana S. Tiago, och alla partners och v\u00e4nner som bidrog:<\/p>\n<p>Linholmen Science Park Visual Arena \u2013 Gorki Glaser-M\u00fcller, Catrine Henriksson, Gunnar Eriksson<\/p>\n<p>V\u00e4stra G\u00f6talands Region \/ Filmcloud \u2013 Martin Hammar, Anna \u00c5kerstr\u00f6m, Lotta Eldh<\/p>\n<p>Kultur i Halland \u2013 Anna Eriksson<\/p>\n<p>Gothenburg Film Studios \u2013 Paul Blomgren DoVan, Ylva Olsson<\/p>\n<p>Film i V\u00e4st \u2013 Cattrine Fransson, Gus Kaage<\/p>\n<p>Filmkontoret G\u00f6teborg \u2013 Ulf Sigvardsson, Martina Eriksdotter<\/p>\n<p>Atalante \u2013 Niklas Ryd\u00e9n, Hannes Ryd\u00e9n, Tomas Persson Carlberg<\/p>\n<p>och Olof Persson, Catherine McGilvray, Monica Milocco, Per Vihlevi<\/p>\n<p>Trailern kan ni se h\u00e4r:<br \/>\n<iframe loading=\"lazy\" title=\"YouTube video player\" src=\"https:\/\/www.youtube.com\/embed\/Ih0XjY8ap5A\" width=\"500\" height=\"315\" frameborder=\"0\" allowfullscreen=\"allowfullscreen\"><span data-mce-type=\"bookmark\" style=\"display: inline-block; width: 0px; overflow: hidden; line-height: 0;\" class=\"mce_SELRES_start\"><\/span><\/iframe><\/p>\n","protected":false},"excerpt":{"rendered":"<p>En nyhet som g\u00f6r mig galen av lycka! Min VR360-kortfilm &#8220;Gang Dance&#8221; har v\u00e4rldspremi\u00e4r i Milano i morgon fredag den 25 november i Universitets h\u00f6gsal Aula Crociera Alta, Via Festa del Perdono, 7, och visas fr\u00e5n kl. 15.00. Den kommer &hellip; <a href=\"https:\/\/monicamazzitelli.net\/se\/varldspremiar-i-milano-for-gang-dance\/\">Continue reading <span class=\"meta-nav\">&rarr;<\/span><\/a><\/p>\n","protected":false},"author":1,"featured_media":0,"comment_status":"closed","ping_status":"open","sticky":false,"template":"","format":"standard","meta":{"footnotes":""},"categories":[15,18,22],"tags":[81,62,99,64,100,88,192,143,191,76,93,92,66,67,80,193,103,102,144,145,147,150,148,149,289,146,153],"class_list":["post-4542","post","type-post","status-publish","format-standard","hentry","category-event-presentationer","category-nyheter","category-regi-och-manus","tag-cortometraggi","tag-directress","tag-femaledirectors","tag-feministartist","tag-feministdirector","tag-feministiskregissor","tag-filmfestivals","tag-gangdance","tag-justlooking","tag-kortfilm","tag-kortfilmfestival","tag-kortfilmfestivalen","tag-mikaelmoiner","tag-monicamazzitelli","tag-registafemminista","tag-shortfilmcontest","tag-shortfilmfest","tag-shortfilmmaking","tag-vr","tag-vr360","tag-vrfilm","tag-vrfilmmaker","tag-vrfilmmaking","tag-vrfilmproduction","tag-vrkortfilmer","tag-vrshorts","tag-xr"],"_links":{"self":[{"href":"https:\/\/monicamazzitelli.net\/se\/wp-json\/wp\/v2\/posts\/4542","targetHints":{"allow":["GET"]}}],"collection":[{"href":"https:\/\/monicamazzitelli.net\/se\/wp-json\/wp\/v2\/posts"}],"about":[{"href":"https:\/\/monicamazzitelli.net\/se\/wp-json\/wp\/v2\/types\/post"}],"author":[{"embeddable":true,"href":"https:\/\/monicamazzitelli.net\/se\/wp-json\/wp\/v2\/users\/1"}],"replies":[{"embeddable":true,"href":"https:\/\/monicamazzitelli.net\/se\/wp-json\/wp\/v2\/comments?post=4542"}],"version-history":[{"count":1,"href":"https:\/\/monicamazzitelli.net\/se\/wp-json\/wp\/v2\/posts\/4542\/revisions"}],"predecessor-version":[{"id":4544,"href":"https:\/\/monicamazzitelli.net\/se\/wp-json\/wp\/v2\/posts\/4542\/revisions\/4544"}],"wp:attachment":[{"href":"https:\/\/monicamazzitelli.net\/se\/wp-json\/wp\/v2\/media?parent=4542"}],"wp:term":[{"taxonomy":"category","embeddable":true,"href":"https:\/\/monicamazzitelli.net\/se\/wp-json\/wp\/v2\/categories?post=4542"},{"taxonomy":"post_tag","embeddable":true,"href":"https:\/\/monicamazzitelli.net\/se\/wp-json\/wp\/v2\/tags?post=4542"}],"curies":[{"name":"wp","href":"https:\/\/api.w.org\/{rel}","templated":true}]}}